{"id":6999,"date":"2023-11-13T19:39:05","date_gmt":"2023-11-13T18:39:05","guid":{"rendered":"https:\/\/vze-vogelzucht.de\/?p=6999"},"modified":"2023-11-13T19:39:05","modified_gmt":"2023-11-13T18:39:05","slug":"bericht-ueber-die-tagung-der-ig-agaporniden-und-kleinpapageien-2023","status":"publish","type":"post","link":"https:\/\/vze-vogelzucht.de\/?p=6999","title":{"rendered":"Bericht \u00fcber die Tagung der IG Agaporniden und Kleinpapageien 2023"},"content":{"rendered":"<p><span style=\"font-family: Arial, serif;\"><span style=\"font-size: large;\"><b>Bericht \u00fcber die Tagung der IG Agaporniden und Kleinpapageien <\/b><\/span><\/span><\/p>\n<p><span style=\"font-family: Arial, serif;\"><span style=\"font-size: large;\"><b>vom 15.09. \u2013 17.09.2023 <\/b><\/span><\/span><\/p>\n<p><span style=\"font-family: Arial, serif;\"><span style=\"font-size: medium;\">Traditionsgem\u00e4\u00df f\u00fchrt unsere IG j\u00e4hrlich im September ihre IG-Tagung durch. Diese fand diesmal im s\u00e4chsischen Oederan vom 15.09. \u2013 17.09.2023 statt. Das Tagungsobjekt, welches alle unsere Erwartungen und W\u00fcnsche mehr als erf\u00fcllte, erwies sich als Volltreffer. Hierf\u00fcr gilt unser aller Dank Carsten K\u00f6rner f\u00fcr die Organisation und Koordination der Tagung.<\/span><\/span><\/p>\n<p><span style=\"font-family: Arial, serif;\"><span style=\"font-size: medium;\">Auch diesmal galt es zun\u00e4chst die mitgebrachten V\u00f6gel in den daf\u00fcr zur Verf\u00fcgung stehenden Raum unterzubringen und zu versorgen.<\/span><\/span><\/p>\n<p><span style=\"font-family: Arial, serif;\"><span style=\"font-size: medium;\">Gegen 20.00 Uhr er\u00f6ffnete der IG-Vorsitzende, Carsten K\u00f6rner, die Tagung und musste leider mitteilen, dass der Referent f\u00fcr den 1. Vortrag nicht wie vereinbart, anreisen wird.<\/span><\/span><\/p>\n<p><span style=\"font-family: Arial, serif;\"><span style=\"font-size: medium;\">Dies mussten wir zur Kenntnis nehmen und haben die Zeit f\u00fcr einen vielf\u00e4ltigen Erfahrungsaustausch, insbesondere nat\u00fcrlich zum abgelaufenen Zuchtjahr, genutzt.<\/span><\/span><\/p>\n<p><span style=\"font-family: Arial, serif;\"><span style=\"font-size: medium;\">Dabei musste einmal mehr festgestellt werden, dass der Bruterfolg, insbesondere bei der 1. Brut, die Erwartungen mehrerer Zuchtfreunde nicht erf\u00fcllt wurden.<\/span><\/span><\/p>\n<p><span style=\"font-family: Arial, serif;\"><span style=\"font-size: medium;\">Die Ursachen hierf\u00fcr waren vielf\u00e4ltig. Sie umfassten eine teilweise geringe Befruchtungsrate, ganze unbetretene Gelege, abgestorbene Embryonen, F\u00fctterungsprobleme unmittelbar nach dem Schlupf bis zu 10 \u2013 14 Tage nach diesem.<\/span><\/span><\/p>\n<p><span style=\"font-family: Arial, serif;\"><span style=\"font-size: medium;\">Der Freitagabend klang in gem\u00fctlicher Runde aus.<\/span><\/span><\/p>\n<p><span style=\"font-family: Arial, serif;\"><span style=\"font-size: medium;\">Am Samstag gab uns Torben Friedrich in seinem Vortrag einen sehr detaillierten \u00dcberblick zur Ausbildung zum Zuchtrichter f\u00fcr V\u00f6gel. Diese ist in allen Verb\u00e4nden (AZ, VZE, DKB), im Wesentlichen gleich und basiert auf dem Nachweis bzw. Beleg von vielf\u00e4ltigen pers\u00f6nlichen Voraussetzungen. Da diese auf der Grundlage Jahrzehnte alter Zulassungskriterien ausgerichtet sind, ist nach seiner Auffassung eine zeitgerechtere Ausrichtung dringend angezeigt. Die Ausbildung umfasst einen Zeitraum von 4 Jahren und erfordert eine hohe Lern- und Reisebereitschaft.<\/span><\/span><\/p>\n<p><span style=\"font-family: Arial, serif;\"><span style=\"font-size: medium;\">Auf der Grundlage einer umfassenden und aussagef\u00e4higen Powerpr\u00e4sentation gew\u00e4hrte uns Torben einen tiefen Einblick in die Ausbildung zum Zuchtrichter.<\/span><\/span><\/p>\n<p><span style=\"font-family: Arial, serif;\"><span style=\"font-size: medium;\">Der anschlie\u00dfende Vortrag von Siegfried Friedrich befasste sich mit den in \u00dcberarbeitung befindlichen Kriterien im Schauwesen, welche verbands\u00fcbergreifend zum Tragen kommen sollen. Grundlage hierf\u00fcr werden neue Richtlinien f\u00fcr die Bewertung der verschiedenen Vogelartenkategorien sein.<\/span><\/span><\/p>\n<p><span style=\"font-family: Arial, serif;\"><span style=\"font-size: medium;\">Hierbei soll bei der GS-Bewertung unabh\u00e4ngig von der Vogelart (Agaporniden, Nymphen, Halsbandsittiche &#8230;.) der Abgleich mit dem jeweiligen Standard (Kondition, Gr\u00f6\u00dfe, Haltung, Farbe\/Zeichnung, F\u00fc\u00dfe\/Zehen\/Krallen) vorgenommen werden und gleich bewertet werden. Bei der Schauklassenspezifischen Bewertung sollen dann weitere sehr detaillierte Kriterien f\u00fcr die Bewertung (Punktebewertung) zum Tragen kommen.<\/span><\/span><\/p>\n<p><span style=\"font-family: Arial, serif;\"><span style=\"font-size: medium;\">Naheliegend wurde nat\u00fcrlich auf die f\u00fcr die Agaporniden ma\u00dfgebenden Punkte eingegangen und rege diskutiert. Zum Inkrafttreten dieser Regelung konnte noch keine Aussage getroffen werden.<\/span><\/span><\/p>\n<p><span style=\"font-family: Arial, serif;\"><span style=\"font-size: medium;\">Dann stand die Arbeit der IG Agaporniden und Kleinpapageien im Fokus der Beratung. Zun\u00e4chst wies Carsten K\u00f6rner darauf hin, dass 2025 die IG ihr 50-j\u00e4hriges Jubil\u00e4um begehen wird. Es ist beabsichtigt, dieses nat\u00fcrlich im Rahmen einer IG-Tagung zu begehen, jedoch mit ver\u00e4nderten inhaltlichen Bestandteilen. <\/span><\/span><\/p>\n<p><span style=\"font-family: Arial, serif;\"><span style=\"font-size: medium;\">Auch hierbei werden die Kostenfragen eine nicht zu untersch\u00e4tzende Rolle spielen, so wie es bei jeder j\u00e4hrlichen Planung der IG-Tagung die zentrale Frage ist. <\/span><\/span><\/p>\n<p><span style=\"font-family: Arial, serif;\"><span style=\"font-size: medium;\">Sodann informierte er, dass f\u00fcr die IG-Tagung 2024 ein Tagungsort gefunden wurde und ein entsprechendes Angebot vorliegt. <\/span><\/span><\/p>\n<p><span style=\"font-family: Arial, serif;\"><span style=\"font-size: medium;\">Hierbei handelt es sich um das \u201eEvangelische Bildungshaus Sch\u00f6nburg\u201c, welches im Saale\/Unstrut Dreieck (Weinbaugebiet) liegt und vom 20.09. -22.09.2024 Tagungsort sein kann. Roland M\u00fcller hat zwischenzeitlich dieses besichtigt und mit der Leiterin alle relevanten Dinge besprochen und einvernehmlich kl\u00e4ren k\u00f6nnen. Er informierte im Detail \u00fcber die im Vergleich zu den bisherigen Tagungsobjekten zu erwartenden Besonderheiten. Die sind darin begr\u00fcndet, dass es sich hierbei um ein Schulungsobjekt und kein Hotel oder gastronomische Einrichtung handelt. Dies wurde umfassend besprochen und mit pers\u00f6nlichen Erfahrungsberichten von Christian Mark in gleichgearteten Einrichtungen positiv bewertet.<\/span><\/span><\/p>\n<p><a name=\"_GoBack\"><\/a> <span style=\"font-family: Arial, serif;\"><span style=\"font-size: medium;\">Danach wurde die diesj\u00e4hrige IG-Bewertungsschau\/Leistungsvergleich am 21.\/22.10.2023 in Jahnsdorf besprochen. Von Seiten des gastgebenden \u201eZiergefl\u00fcgel- und Exotenzuchtvereins Jahnsdorf\u201c werden alle Voraussetzungen abgesichert, die eine solche kombinierte Veranstaltung erfordert. <\/span><\/span><\/p>\n<p><span style=\"font-family: Arial, serif;\"><span style=\"font-size: medium;\">IG-seitig ist alles in trockenen T\u00fcchern, wobei besonders erfreulich ist, dass bereits fast alle Anmeldeb\u00f6gen f\u00fcr die Bewertungsv\u00f6gel vorliegen und abschlie\u00dfend bearbeitet sind. Wir werden auf ca. 160 Richteinheiten kommen und somit wieder ein sehr gutes Ergebnis erzielen.<\/span><\/span><\/p>\n<p><span style=\"font-family: Arial, serif;\"><span style=\"font-size: medium;\">Roland M\u00fcller informierte kurz \u00fcber den am 10.09.2023 stattgefundenen Landesz\u00fcchtertag in Sachsen-Anhalt.<\/span><\/span><\/p>\n<p><span style=\"font-family: Arial, serif;\"><span style=\"font-size: medium;\">Nach dem Mittagessen gingen wir auf Exkursion in den \u00e4ltesten Miniaturpark Deutschlands \u201eKlein-Erzgebirge Oederan\u201c. Dieser beinhaltet 191 besonders markante Bauwerke des Erzgebirges naturgetreu im Kleinen nachgebaut.<\/span><\/span><\/p>\n<p><span style=\"font-family: Arial, serif;\"><span style=\"font-size: medium;\">Nach dem sehr vielseitigen und sehr ansprechenden Abendessen wurde traditionsgem\u00e4\u00df mit einem von Klaus-Dieter Herde vorbereiteten Quiz unser Allgemeinwissen getestet. Dies sorgte f\u00fcr Spa\u00df, Heiterkeit und so manche \u00dcberraschung. Der weitere Abend wurde in gem\u00fctlicher Runde verbracht.<\/span><\/span><\/p>\n<p><span style=\"font-family: Arial, serif;\"><span style=\"font-size: medium;\">Am Sontag wurde gemeinsam mit den Zuchtfreunden der \u201eLandesgruppe Sachsen\u201c ein Informationsaustausch zu anstehenden Fragen durchgef\u00fchrt. Dieser war breit gef\u00e4chert und drehte sich immer wieder um die Frage, wie geht es weiter in der VZE. Da der Einladung des Landesvorsitzenden Michael Schrabe, von Seiten des Pr\u00e4sidiums kein Mitglied aus terminlichen Gr\u00fcnden, Folge leisten konnte, blieben diese Fragen offen.<\/span><\/span><\/p>\n<p><span style=\"font-family: Arial, serif;\"><span style=\"font-size: medium;\">Anschlie\u00dfend erkl\u00e4rte Carsten K\u00f6rner die IG-Tagung f\u00fcr beendet und w\u00fcnschte allen eine gute Heimfahrt und alles Gute.<\/span><\/span><\/p>\n<p><span style=\"font-family: Arial, serif;\"><span style=\"font-size: medium;\">Roland M\u00fcller<\/span><\/span><\/p>\n","protected":false},"excerpt":{"rendered":"<p>Bericht \u00fcber die Tagung der IG Agaporniden und Kleinpapageien vom 15.09. \u2013 17.09.2023 Traditionsgem\u00e4\u00df f\u00fchrt unsere IG j\u00e4hrlich im September ihre IG-Tagung durch. Diese fand diesmal im s\u00e4chsischen Oederan vom 15.09. \u2013 17.09.2023 statt. Das Tagungsobjekt, welches alle unsere Erwartungen und W\u00fcnsche mehr als erf\u00fcllte, erwies sich als Volltreffer. Hierf\u00fcr\u2026<\/p>\n<p class=\"continue-reading-button\"> <a class=\"continue-reading-link\" href=\"https:\/\/vze-vogelzucht.de\/?p=6999\">wei\u00adter\u00adle\u00adsen<i class=\"crycon-right-dir\"><\/i><\/a><\/p>\n","protected":false},"author":2,"featured_media":0,"comment_status":"closed","ping_status":"open","sticky":false,"template":"","format":"standard","meta":{"_jetpack_memberships_contains_paid_content":false,"footnotes":""},"categories":[11,23],"tags":[],"class_list":["post-6999","post","type-post","status-publish","format-standard","hentry","category-ig-agaporniden-und-kleinpapageien","category-veranstaltungen"],"jetpack_featured_media_url":"","jetpack-related-posts":[],"jetpack_sharing_enabled":true,"_links":{"self":[{"href":"https:\/\/vze-vogelzucht.de\/index.php?rest_route=\/wp\/v2\/posts\/6999","targetHints":{"allow":["GET"]}}],"collection":[{"href":"https:\/\/vze-vogelzucht.de\/index.php?rest_route=\/wp\/v2\/posts"}],"about":[{"href":"https:\/\/vze-vogelzucht.de\/index.php?rest_route=\/wp\/v2\/types\/post"}],"author":[{"embeddable":true,"href":"https:\/\/vze-vogelzucht.de\/index.php?rest_route=\/wp\/v2\/users\/2"}],"replies":[{"embeddable":true,"href":"https:\/\/vze-vogelzucht.de\/index.php?rest_route=%2Fwp%2Fv2%2Fcomments&post=6999"}],"version-history":[{"count":1,"href":"https:\/\/vze-vogelzucht.de\/index.php?rest_route=\/wp\/v2\/posts\/6999\/revisions"}],"predecessor-version":[{"id":7000,"href":"https:\/\/vze-vogelzucht.de\/index.php?rest_route=\/wp\/v2\/posts\/6999\/revisions\/7000"}],"wp:attachment":[{"href":"https:\/\/vze-vogelzucht.de\/index.php?rest_route=%2Fwp%2Fv2%2Fmedia&parent=6999"}],"wp:term":[{"taxonomy":"category","embeddable":true,"href":"https:\/\/vze-vogelzucht.de\/index.php?rest_route=%2Fwp%2Fv2%2Fcategories&post=6999"},{"taxonomy":"post_tag","embeddable":true,"href":"https:\/\/vze-vogelzucht.de\/index.php?rest_route=%2Fwp%2Fv2%2Ftags&post=6999"}],"curies":[{"name":"wp","href":"https:\/\/api.w.org\/{rel}","templated":true}]}}