{"id":6436,"date":"2022-11-10T10:59:33","date_gmt":"2022-11-10T09:59:33","guid":{"rendered":"https:\/\/vze-vogelzucht.de\/?p=6436"},"modified":"2022-11-10T10:59:33","modified_gmt":"2022-11-10T09:59:33","slug":"bericht-ueber-die-tagung-der-ig-agaporniden-und-kleinpapageien-vom-16-09-18-09-2022","status":"publish","type":"post","link":"https:\/\/vze-vogelzucht.de\/?p=6436","title":{"rendered":"Bericht \u00fcber die Tagung der IG Agaporniden und Kleinpapageien vom 16.09.-18.09.2022"},"content":{"rendered":"<p><img loading=\"lazy\" decoding=\"async\" class=\"alignnone wp-image-6438\" src=\"https:\/\/vze-vogelzucht.de\/wp-content\/uploads\/2022\/11\/aga-20221001_150237-600x376.jpg\" alt=\"\" width=\"331\" height=\"208\" srcset=\"https:\/\/vze-vogelzucht.de\/wp-content\/uploads\/2022\/11\/aga-20221001_150237-600x376.jpg 600w, https:\/\/vze-vogelzucht.de\/wp-content\/uploads\/2022\/11\/aga-20221001_150237-768x481.jpg 768w, https:\/\/vze-vogelzucht.de\/wp-content\/uploads\/2022\/11\/aga-20221001_150237-150x94.jpg 150w, https:\/\/vze-vogelzucht.de\/wp-content\/uploads\/2022\/11\/aga-20221001_150237.jpg 1200w\" sizes=\"auto, (max-width: 331px) 100vw, 331px\" \/><\/p>\n<p><span style=\"color: #008000;\"><strong>Bericht \u00fcber die Tagung der IG Agaporniden und Kleinpapageien<\/strong><\/span><br \/>\n<span style=\"color: #008000;\"><strong>vom 16.09.-18.09.2022<\/strong><\/span><\/p>\n<p>Obwohl die Organisation der diesj\u00e4hrigen IG-Tagung f\u00fcr die neue<br \/>\nIG-Leitung bedingt durch die sich immer sp\u00fcrbar werdenden Auswirkungen der Corona Zeit sehr nervenaufreibend gestaltete, konnte diese letztlich erfolgreich durchgef\u00fchrt werden. Sie fand im verkehrstechnisch gut erreichbaren th\u00fcringischen Gera vom 16.09.-18.09.22 statt. Das die Anreise f\u00fcr einige Teilnehmer Stau- und witterungsbedingt mit erheblich l\u00e4ngeren Fahrzeiten verbunden war, war nicht beeinflussbar. Zun\u00e4chst wurden die reichlich mitgebrachten Agaporniden und Ru\u00dfk\u00f6pfchen, welche f\u00fcr die Tierbesprechung und abgesprochenen Z\u00fcchterwechsel vorgesehen waren, versorgt.<\/p>\n<p>Gegen 20.15 Uhr er\u00f6ffnete der IG-Vorsitzende, Carsten K\u00f6rner, die Tagung und k\u00fcndigte den 1. Vortrag an. Dieser wurde wie in den vorangegangenen Jahren vom Tierfilmer und Landschaftsmaler Bernd Gerischer gehalten. Aufbauend bzw. fortf\u00fchrend auf seine Ausf\u00fchrungen und umf\u00e4nglichen Bildaufnahmen auf der 2021-IG-Tagung, erhielten wir weitere breitgef\u00e4cherte Informationen zu verschiedenen Loriarten, welche wieder mit umfangreichen Bild-\/Filmmaterial untermauert wurden.<\/p>\n<p>Bedingt durch den Ausfall des geplanten Referenten wegen Krankheit, wurde der f\u00fcr Sonntag geplante Vortrag von Christian Mark \u00fcber die \u201eHaltung und Zucht\/Vermehrung Schmalschnabelsittiche (Brotogenis) vorgezogen.<br \/>\nWir erhielten tiefgr\u00fcndige Informationen zu den 8 existierenden Arten und 9 Unterarten. Schwerpunkt hierbei bildete deren Haltung (Unterbringung), Ern\u00e4hrung und F\u00fctterung, was mit anspruchsvollem Bildmaterial untermauert wurde.<\/p>\n<p>Hieran schloss sich der Vortrag von Stephan Sch\u00f6nherr, welcher \u00fcber seine langj\u00e4hrigen Erfahrungen \u00fcber die Haltung und Zucht der Bergpapageien (Agaporniden taranta) referierte, an. Auch hier stand die Haltung in Volieren und Zuchtboxen, die abwechslungsreiche F\u00fctterung, die Zuchtgestaltung und die Ausstellungsphase im Mittelpunkt.<\/p>\n<p>Das Mittagessen wurde auf Grund der geplanten Exkursion in die K\u00f6stritzer Schwarzbierbrauerei etwas vorgezogen. Diese selbst war ein gelungener H\u00f6hepunkt f\u00fcr uns alle. Die erhaltenen geschichtlichen Informationen \u00fcber deren Ursprung im Jahre 1543 sowie zu allen nachfolgenden zeitlichen Epochen und der vielf\u00e4ltigen Produktpalette der K\u00f6stritzer Biere waren sehr \u00fcberzeugend und anschaulich.<\/p>\n<p>Nach dem sehr ansprechenden kulinarischen Abendessen begann traditionsgem\u00e4\u00df wieder die allj\u00e4hrliche Quizphase. Das von Carsten K\u00f6rner vorbereitete Vogel-Quiz und das breitgef\u00e4cherte Quiz von Klaus-Dieter Herde sorgte f\u00fcr Spa\u00df und Heiterkeit. Auch in diesem Jahr wies die Trefferquote eine breite Streuung aus. \u00dcberraschend hierbei war allerdings, dass Christian Mark in beiden Formaten am besten abgeschnitten hat. Der weitere Abend wurde in gem\u00fctlicher Runde verbracht.<\/p>\n<p>Am Sonntag standen die Rosen- und Pfirsichk\u00f6pfchen im Rahmen einer sehr detaillierten Tierbesprechung im Mittelpunkt. Diese wurde von Siegfried Friedrich (Zuchtrichter u.a. f\u00fcr Agaporniden) mit aktiver Beteiligung der Zuchtfreunde vorgenommen. Hierbei erfuhren wir Einzelheiten \u00fcber sich \u00e4ndernde Bewertungskriterien, insbesondere was die Gr\u00f6\u00dfe der V\u00f6gel im Verh\u00e4ltnis zu den Standartangaben betrifft.<\/p>\n<p>\u00dcber den Stand der Vorbereitung der unmittelbar bevorstehenden VZE-Bundesmeisterschaft in Magdeburg berichtete Roland M\u00fcller. Er bezog sich hierbei auf die fr\u00fchzeitige Buchung der erforderlichen \u00dcbernachtungskapazit\u00e4ten f\u00fcr das IG-Helferteam, die Vorbereitung f\u00fcr die von unserer IG zu betreuenden 9 Tischvolieren und den Stand der vorliegenden Anmeldungen. Diese belaufen sich Dank der breiten Mitwirkung unserer IG-Mitglieder auf starke 175 Richteinheiten der Agaporniden und Kleinpapageien. Damit wird unsere IG wieder einen entscheidenden Beitrag zum positiven Gelingen der diesj\u00e4hrigen Bundesmeisterschaft leisten.<\/p>\n<p>Abschlie\u00dfend gab der IG-Vorsitzende, Carsten K\u00f6rner, einen Ausblick f\u00fcr 2023 und dar\u00fcber hinaus. Hierbei stand die immer schwerer werdende Situation der Findung eines geeigneten Tagungsortes zu vergleichsweise vertretbaren Preisen im Mittelpunkt.<br \/>\nF\u00fcr die IG-Tagung 2023 wurde in 09569 Oederan die \u201eR\u00e4uberschenke vom 15.09. &#8211; 17.09.2023 gew\u00e4hlt, wobei von leicht steigenden Preisen auszugehen ist.<\/p>\n<p>Alle \u00fcber 2023 hinausgehenden Anfragen blieben bisher ergebnislos, da von m\u00f6glichen Gastgebern (Hotels u.\u00e4.) keine konkreten Kostenangaben gemacht werden k\u00f6nnen. In der Diskussion wurde jedoch mehrheitlich die Auffassung vertreten, dass wir unabh\u00e4ngig von dieser Entwicklung unsere \u00fcber so viele Jahre gewachsene positive Zusammenarbeit in der IG festhalten sollten.<\/p>\n<p>Danach erkl\u00e4rte Carsten K\u00f6rner die IG-Tagung f\u00fcr beendet und w\u00fcnschte allen eine gute Heimfahrt und alles Gute.<\/p>\n<p>Roland M\u00fcller<\/p>\n","protected":false},"excerpt":{"rendered":"<p>Bericht \u00fcber die Tagung der IG Agaporniden und Kleinpapageien vom 16.09.-18.09.2022 Obwohl die Organisation der diesj\u00e4hrigen IG-Tagung f\u00fcr die neue IG-Leitung bedingt durch die sich immer sp\u00fcrbar werdenden Auswirkungen der Corona Zeit sehr nervenaufreibend gestaltete, konnte diese letztlich erfolgreich durchgef\u00fchrt werden. Sie fand im verkehrstechnisch gut erreichbaren th\u00fcringischen Gera vom\u2026<\/p>\n<p class=\"continue-reading-button\"> <a class=\"continue-reading-link\" href=\"https:\/\/vze-vogelzucht.de\/?p=6436\">wei\u00adter\u00adle\u00adsen<i class=\"crycon-right-dir\"><\/i><\/a><\/p>\n","protected":false},"author":2,"featured_media":0,"comment_status":"closed","ping_status":"open","sticky":false,"template":"","format":"standard","meta":{"_jetpack_memberships_contains_paid_content":false,"footnotes":""},"categories":[11,30,1,23],"tags":[],"class_list":["post-6436","post","type-post","status-publish","format-standard","hentry","category-ig-agaporniden-und-kleinpapageien","category-ig-tagungen","category-ohne-kategorie","category-veranstaltungen"],"jetpack_featured_media_url":"","jetpack-related-posts":[],"jetpack_sharing_enabled":true,"_links":{"self":[{"href":"https:\/\/vze-vogelzucht.de\/index.php?rest_route=\/wp\/v2\/posts\/6436","targetHints":{"allow":["GET"]}}],"collection":[{"href":"https:\/\/vze-vogelzucht.de\/index.php?rest_route=\/wp\/v2\/posts"}],"about":[{"href":"https:\/\/vze-vogelzucht.de\/index.php?rest_route=\/wp\/v2\/types\/post"}],"author":[{"embeddable":true,"href":"https:\/\/vze-vogelzucht.de\/index.php?rest_route=\/wp\/v2\/users\/2"}],"replies":[{"embeddable":true,"href":"https:\/\/vze-vogelzucht.de\/index.php?rest_route=%2Fwp%2Fv2%2Fcomments&post=6436"}],"version-history":[{"count":3,"href":"https:\/\/vze-vogelzucht.de\/index.php?rest_route=\/wp\/v2\/posts\/6436\/revisions"}],"predecessor-version":[{"id":6440,"href":"https:\/\/vze-vogelzucht.de\/index.php?rest_route=\/wp\/v2\/posts\/6436\/revisions\/6440"}],"wp:attachment":[{"href":"https:\/\/vze-vogelzucht.de\/index.php?rest_route=%2Fwp%2Fv2%2Fmedia&parent=6436"}],"wp:term":[{"taxonomy":"category","embeddable":true,"href":"https:\/\/vze-vogelzucht.de\/index.php?rest_route=%2Fwp%2Fv2%2Fcategories&post=6436"},{"taxonomy":"post_tag","embeddable":true,"href":"https:\/\/vze-vogelzucht.de\/index.php?rest_route=%2Fwp%2Fv2%2Ftags&post=6436"}],"curies":[{"name":"wp","href":"https:\/\/api.w.org\/{rel}","templated":true}]}}