{"id":3169,"date":"2018-10-28T21:10:05","date_gmt":"2018-10-28T20:10:05","guid":{"rendered":"https:\/\/vze-vogelzucht.de\/?p=3169"},"modified":"2018-10-28T21:22:55","modified_gmt":"2018-10-28T20:22:55","slug":"18-vze-kanarienbewertung-20-10-18","status":"publish","type":"post","link":"https:\/\/vze-vogelzucht.de\/?p=3169","title":{"rendered":"Bericht \u00fcber die 18. VZE-Kanarienbewertung"},"content":{"rendered":"<p><strong>Bericht \u00fcber die 18. VZE-Kanarienbewertung <\/strong><\/p>\n<p>Unsere diesj\u00e4hrige nunmehr 18. VZE-Kanarienbewertung fand am 20.10.18 in Zeithain OT R\u00f6derau, in Verbindung mit dem 45-j\u00e4hrigen Bestehen des Ziergefl\u00fcgel- und Exotenvereins &#8222;John Goulds&#8220;1973 Zeithain e.V. statt.<\/p>\n<p>Diese Schau war eine wahre Freude f\u00fcr jeden Natur- und Vogelliebhaber. Auf diesem Weg einen pers\u00f6nlichen Dank an die Zuchtfreunde des Vereins, dass wir dort zu Gast sein duften. Ebenfalls hatte ich die ehrenvolle Aufgabe, dem Verein im Namen des VZE-Gesamtvorstandes einen Ehrenpreis zum Jubil\u00e4um zu \u00fcberreichen.<\/p>\n<p>Des weiteren durfte ich Zuchtfreund Michael N\u00f6tzold vom Verein Zeithain seinen VZE-Ehrenpreis zur 40-j\u00e4hrigen VZE-Zugeh\u00f6rigkeit \u00fcbergeben. Hierzu an Michael nochmal meinen Gl\u00fcckwunsch und weiterhin viel Freude am Hobby Vogelzucht.<\/p>\n<p>Ich bin sicher, dass der Verein Zeithain uns mit bildlichen Impressionen von seiner Schau in unserer VZE-Vogelwelt erfreuen wird.<\/p>\n<p>Doch nun zur IG-Bewertung. Eingeliefert wurden 120 V\u00f6gel von 12 Zuchtfreunden.<\/p>\n<p>Gestellt wurden bei Positur: Gloster, Fife, Raza Espanola, Japan Hoso, Yorkshire und Paduaner.<\/p>\n<p>Bei Farbkanarien in Lipochrom: wei\u00df dominant, wei\u00df rezessiv, gelb ivoor intensiv und schimmel sowie rot schimmel.<\/p>\n<p>Bei Farbkanarien in Melanin: schwarz rot intensiv und schimmel, schwarz rot Mosaik Typ 1, schwarz Graufl\u00fcgel rot Mosaik Typ 1 und 2, achat opal wei\u00df rezessiv, achat gelb intensiv und schimmel, achat gelb ivoor, achat opal gelb intensiv, achat rot intensiv und schimmel, achat rot Mosaik Typ 1 und 2, Phaeo in gelb schimmel.<\/p>\n<p>Die beiden bestellten Zuchtrichter Norbert Schramm und Sven Pukat bewerteten die gestellten V\u00f6gel mit Ruhe und fachlicher Kompetenz und daraus ergaben sich folgende Sieger und Platzierte, die bei Farbe aus den Besten 4 und bei Positur aus den Besten 3 V\u00f6geln einer Schauklasse des jeweiligen Z\u00fcchters ermittelt wurden:<\/p>\n<p><strong>Schauklasse A Lipochrom:<\/strong><\/p>\n<p>Sieger &#8211; Bernd M\u00fcller&nbsp; 361 Punkte<\/p>\n<ol start=\"2\">\n<li>Platz &#8211; Manuel Mietsch 361 Punkte<\/li>\n<\/ol>\n<p><strong>Schauklasse B Melanin:<\/strong><\/p>\n<p>Sieger &#8211; Eckhard Gro\u00dfmann 365 Punkte<\/p>\n<ol start=\"2\">\n<li>Platz &#8211; Rene Mertin 361 Punkte<\/li>\n<li>Platz &#8211; Roland Mietsch 359 Punkte<\/li>\n<\/ol>\n<p>&nbsp;<\/p>\n<p><strong>Schaulkasse D1:<\/strong><\/p>\n<p>Sieger &#8211; Gerd Kr\u00e4mer mit Raza Espanola 275 Punkte<\/p>\n<ol start=\"2\">\n<li>Platz &#8211; Mandy R\u00f6ber mit Fife 272 Punkte<\/li>\n<\/ol>\n<p>&nbsp;<\/p>\n<p><strong>Schauklasse D2:<\/strong><\/p>\n<p>Sieger- Rene Mertin mit Paduaner 270 Punkte<\/p>\n<ol start=\"2\">\n<li>Platz &#8211; Bernd M\u00fcller mit Yorkshire 255 Punkte<\/li>\n<li>Platz &#8211; Achim Mertin mit Japan Hoso 253 Punkte<\/li>\n<\/ol>\n<p>&nbsp;<\/p>\n<p><strong>Schauklasse E Gloster:<\/strong><\/p>\n<p>Sieger &#8211; Ulrich Janik 272 Punkte<\/p>\n<ol start=\"2\">\n<li>Platz &#8211; Bernd M\u00fcller 271 Punkte<\/li>\n<li>Platz &#8211; Lothar Tasche 268 Punkte<\/li>\n<\/ol>\n<p>Die Sieger und Platzierten der einzelnen Schauklassen wurden mit Glaspokalen und Urkunden geehrt.<\/p>\n<p><strong>Bester Melanin Farbvogel:<\/strong><\/p>\n<p>achat rot Mosaik Typ 2 von Zuchtfreund Eckhard Gro\u00dfmann 92 Punkte<\/p>\n<p><strong>Bester Lipochrom Farbvogel und bester Farbvogel gesamt:<\/strong><\/p>\n<p>rot schimmel von Zuchtfreund Bernd M\u00fcller 93 Punkte<\/p>\n<p><strong>Bester Positurvogel:<\/strong><\/p>\n<p>Raza Espanola von Zuchtfreund Gerd Kr\u00e4mer 93 Punkte<\/p>\n<p><strong>Bester Gloster consort :<\/strong> Ulrich Janik&nbsp; 91 Punkte<\/p>\n<p><strong>Bester Gloster corona:<\/strong> Bernd M\u00fcller&nbsp; 92 Punkte<\/p>\n<p><strong>Bester Altvogel:<\/strong><\/p>\n<p>Gloster corona von Zuchtfreund Lothar Tasche 91 Punkte<\/p>\n<p><strong>Champion der 18. VZE-Kanarienbewertung:<\/strong><\/p>\n<p>rot schimmel von Zuchtfreund Bernd M\u00fcller 93 Punkte<\/p>\n<p>Der Championz\u00fcchter erhielt einen Gutschein im Wert von 30 Euro f\u00fcr den Futtermittelhandel von Zuchtfreund und Zuchtrichter Sven Pukat, gesponsort von meiner Person.<\/p>\n<p>Allen Siegern und Platzierten unseren Herzlichen Gl\u00fcckwunsch.<\/p>\n<p>Die 19. Kanarienbewertung der VZE findet im Oktober 2019 statt. \u00dcber Ort und Datum wird zur rechten Zeit in einer Ausschreibung in der VZE- Vogelwelt und auf der VZE-IG Kanarienseite informiert.<\/p>\n<p>Allen IG-Kanarien und allen VZE Mitgliedern w\u00fcnschen wir eine sch\u00f6ne und von Freude gepr\u00e4gte Zeit mit ihrem, unserem Hobby. F\u00fcr W\u00fcnsche und Vorschl\u00e4ge die helfen k\u00f6nnen die IG noch interessanter zu gestalten, sind wir jederzeit offen.<\/p>\n<p>Mit freundlichem Z\u00fcchtergru\u00df Marco<\/p>\n<p><span style=\"color: #ff0000;\">Aufruf!<\/span><\/p>\n<p><span style=\"color: #ff0000;\">Werdet auch ihr Mitglied in der IG Kanarien oder einer anderen IG der VZE. Pr\u00e4sentiert mit Stolz eure \u00fcbers Jahr erbrachte z\u00fcchterische Leistung in Form der Nachzucht, im Wettbewerb der VZE-Kanarienbewertung, den VZE-Landesmeisterschaften und der VZE-Bundesmeisterschaft. Informationen erh\u00e4lt jeder interessierte Z\u00fcchter bei den IG-Vorsitzenden und Landesvorsitzenden.<\/span><\/p>\n<div id=\"attachment_3178\" style=\"width: 910px\" class=\"wp-caption alignnone\"><img loading=\"lazy\" decoding=\"async\" aria-describedby=\"caption-attachment-3178\" class=\"size-full wp-image-3178\" src=\"https:\/\/vze-vogelzucht.de\/wp-content\/uploads\/2018\/10\/Teilansicht-Bewertungsv\u00f6gel-Gloster.jpg\" alt=\"\" width=\"900\" height=\"675\" srcset=\"https:\/\/vze-vogelzucht.de\/wp-content\/uploads\/2018\/10\/Teilansicht-Bewertungsv\u00f6gel-Gloster.jpg 900w, https:\/\/vze-vogelzucht.de\/wp-content\/uploads\/2018\/10\/Teilansicht-Bewertungsv\u00f6gel-Gloster-600x450.jpg 600w, https:\/\/vze-vogelzucht.de\/wp-content\/uploads\/2018\/10\/Teilansicht-Bewertungsv\u00f6gel-Gloster-768x576.jpg 768w, https:\/\/vze-vogelzucht.de\/wp-content\/uploads\/2018\/10\/Teilansicht-Bewertungsv\u00f6gel-Gloster-150x113.jpg 150w\" sizes=\"auto, (max-width: 900px) 100vw, 900px\" \/><p id=\"caption-attachment-3178\" class=\"wp-caption-text\">Teilansicht-Bewertungsv\u00f6gel-Gloster<\/p><\/div>\n<div id=\"attachment_3172\" style=\"width: 910px\" class=\"wp-caption alignnone\"><img loading=\"lazy\" decoding=\"async\" aria-describedby=\"caption-attachment-3172\" class=\"size-full wp-image-3172\" src=\"https:\/\/vze-vogelzucht.de\/wp-content\/uploads\/2018\/10\/3.-Platz-Schauklasse-B-Roland-Mietsch.jpg\" alt=\"\" width=\"900\" height=\"675\" srcset=\"https:\/\/vze-vogelzucht.de\/wp-content\/uploads\/2018\/10\/3.-Platz-Schauklasse-B-Roland-Mietsch.jpg 900w, https:\/\/vze-vogelzucht.de\/wp-content\/uploads\/2018\/10\/3.-Platz-Schauklasse-B-Roland-Mietsch-600x450.jpg 600w, https:\/\/vze-vogelzucht.de\/wp-content\/uploads\/2018\/10\/3.-Platz-Schauklasse-B-Roland-Mietsch-768x576.jpg 768w, https:\/\/vze-vogelzucht.de\/wp-content\/uploads\/2018\/10\/3.-Platz-Schauklasse-B-Roland-Mietsch-150x113.jpg 150w\" sizes=\"auto, (max-width: 900px) 100vw, 900px\" \/><p id=\"caption-attachment-3172\" class=\"wp-caption-text\">3.-Platz-Schauklasse-B-Roland-Mietsch<\/p><\/div>\n<div id=\"attachment_3170\" style=\"width: 910px\" class=\"wp-caption alignnone\"><img loading=\"lazy\" decoding=\"async\" aria-describedby=\"caption-attachment-3170\" class=\"size-large wp-image-3170\" src=\"https:\/\/vze-vogelzucht.de\/wp-content\/uploads\/2018\/10\/2.-Platz-Schauklasse-A-Manuel-Mietsch-900x1200.jpg\" alt=\"\" width=\"900\" height=\"1200\" srcset=\"https:\/\/vze-vogelzucht.de\/wp-content\/uploads\/2018\/10\/2.-Platz-Schauklasse-A-Manuel-Mietsch.jpg 900w, https:\/\/vze-vogelzucht.de\/wp-content\/uploads\/2018\/10\/2.-Platz-Schauklasse-A-Manuel-Mietsch-450x600.jpg 450w, https:\/\/vze-vogelzucht.de\/wp-content\/uploads\/2018\/10\/2.-Platz-Schauklasse-A-Manuel-Mietsch-768x1024.jpg 768w, https:\/\/vze-vogelzucht.de\/wp-content\/uploads\/2018\/10\/2.-Platz-Schauklasse-A-Manuel-Mietsch-113x150.jpg 113w\" sizes=\"auto, (max-width: 900px) 100vw, 900px\" \/><p id=\"caption-attachment-3170\" class=\"wp-caption-text\">2.-Platz-Schauklasse-A-Manuel-Mietsch<\/p><\/div>\n<div id=\"attachment_3174\" style=\"width: 910px\" class=\"wp-caption alignnone\"><img loading=\"lazy\" decoding=\"async\" aria-describedby=\"caption-attachment-3174\" class=\"size-full wp-image-3174\" src=\"https:\/\/vze-vogelzucht.de\/wp-content\/uploads\/2018\/10\/Bester-Positurvogel-Raza-Espanola.jpg\" alt=\"\" width=\"900\" height=\"675\" srcset=\"https:\/\/vze-vogelzucht.de\/wp-content\/uploads\/2018\/10\/Bester-Positurvogel-Raza-Espanola.jpg 900w, https:\/\/vze-vogelzucht.de\/wp-content\/uploads\/2018\/10\/Bester-Positurvogel-Raza-Espanola-600x450.jpg 600w, https:\/\/vze-vogelzucht.de\/wp-content\/uploads\/2018\/10\/Bester-Positurvogel-Raza-Espanola-768x576.jpg 768w, https:\/\/vze-vogelzucht.de\/wp-content\/uploads\/2018\/10\/Bester-Positurvogel-Raza-Espanola-150x113.jpg 150w\" sizes=\"auto, (max-width: 900px) 100vw, 900px\" \/><p id=\"caption-attachment-3174\" class=\"wp-caption-text\">Bester-Positurvogel-Raza-Espanola<\/p><\/div>\n<div id=\"attachment_3173\" style=\"width: 910px\" class=\"wp-caption alignnone\"><img loading=\"lazy\" decoding=\"async\" aria-describedby=\"caption-attachment-3173\" class=\"size-full wp-image-3173\" src=\"https:\/\/vze-vogelzucht.de\/wp-content\/uploads\/2018\/10\/Bester-Melaninvogel-achat-rot-mosaik-Typ-1.jpg\" alt=\"\" width=\"900\" height=\"675\" srcset=\"https:\/\/vze-vogelzucht.de\/wp-content\/uploads\/2018\/10\/Bester-Melaninvogel-achat-rot-mosaik-Typ-1.jpg 900w, https:\/\/vze-vogelzucht.de\/wp-content\/uploads\/2018\/10\/Bester-Melaninvogel-achat-rot-mosaik-Typ-1-600x450.jpg 600w, https:\/\/vze-vogelzucht.de\/wp-content\/uploads\/2018\/10\/Bester-Melaninvogel-achat-rot-mosaik-Typ-1-768x576.jpg 768w, https:\/\/vze-vogelzucht.de\/wp-content\/uploads\/2018\/10\/Bester-Melaninvogel-achat-rot-mosaik-Typ-1-150x113.jpg 150w\" sizes=\"auto, (max-width: 900px) 100vw, 900px\" \/><p id=\"caption-attachment-3173\" class=\"wp-caption-text\">Bester-Melaninvogel-achat-rot-mosaik-Typ-1<\/p><\/div>\n<div id=\"attachment_3176\" style=\"width: 910px\" class=\"wp-caption alignnone\"><img loading=\"lazy\" decoding=\"async\" aria-describedby=\"caption-attachment-3176\" class=\"size-large wp-image-3176\" src=\"https:\/\/vze-vogelzucht.de\/wp-content\/uploads\/2018\/10\/Sieger-D1-und-bester-Positurvogel-Gerd-Kr\u00e4mer-900x1200.jpg\" alt=\"\" width=\"900\" height=\"1200\" srcset=\"https:\/\/vze-vogelzucht.de\/wp-content\/uploads\/2018\/10\/Sieger-D1-und-bester-Positurvogel-Gerd-Kr\u00e4mer.jpg 900w, https:\/\/vze-vogelzucht.de\/wp-content\/uploads\/2018\/10\/Sieger-D1-und-bester-Positurvogel-Gerd-Kr\u00e4mer-450x600.jpg 450w, https:\/\/vze-vogelzucht.de\/wp-content\/uploads\/2018\/10\/Sieger-D1-und-bester-Positurvogel-Gerd-Kr\u00e4mer-768x1024.jpg 768w, https:\/\/vze-vogelzucht.de\/wp-content\/uploads\/2018\/10\/Sieger-D1-und-bester-Positurvogel-Gerd-Kr\u00e4mer-113x150.jpg 113w\" sizes=\"auto, (max-width: 900px) 100vw, 900px\" \/><p id=\"caption-attachment-3176\" class=\"wp-caption-text\">Sieger-D1-und-bester-Positurvogel-Gerd-Kr\u00e4mer<\/p><\/div>\n<div id=\"attachment_3177\" style=\"width: 910px\" class=\"wp-caption alignnone\"><img loading=\"lazy\" decoding=\"async\" aria-describedby=\"caption-attachment-3177\" class=\"size-full wp-image-3177\" src=\"https:\/\/vze-vogelzucht.de\/wp-content\/uploads\/2018\/10\/Sieger-Gloster-Ulrich-Janik.jpg\" alt=\"\" width=\"900\" height=\"675\" srcset=\"https:\/\/vze-vogelzucht.de\/wp-content\/uploads\/2018\/10\/Sieger-Gloster-Ulrich-Janik.jpg 900w, https:\/\/vze-vogelzucht.de\/wp-content\/uploads\/2018\/10\/Sieger-Gloster-Ulrich-Janik-600x450.jpg 600w, https:\/\/vze-vogelzucht.de\/wp-content\/uploads\/2018\/10\/Sieger-Gloster-Ulrich-Janik-768x576.jpg 768w, https:\/\/vze-vogelzucht.de\/wp-content\/uploads\/2018\/10\/Sieger-Gloster-Ulrich-Janik-150x113.jpg 150w\" sizes=\"auto, (max-width: 900px) 100vw, 900px\" \/><p id=\"caption-attachment-3177\" class=\"wp-caption-text\">Sieger-Gloster-Ulrich-Janik<\/p><\/div>\n<div id=\"attachment_3175\" style=\"width: 910px\" class=\"wp-caption alignnone\"><img loading=\"lazy\" decoding=\"async\" aria-describedby=\"caption-attachment-3175\" class=\"size-large wp-image-3175\" src=\"https:\/\/vze-vogelzucht.de\/wp-content\/uploads\/2018\/10\/Championz\u00fcchter-Bernd-M\u00fcller-900x1200.jpg\" alt=\"\" width=\"900\" height=\"1200\" srcset=\"https:\/\/vze-vogelzucht.de\/wp-content\/uploads\/2018\/10\/Championz\u00fcchter-Bernd-M\u00fcller.jpg 900w, https:\/\/vze-vogelzucht.de\/wp-content\/uploads\/2018\/10\/Championz\u00fcchter-Bernd-M\u00fcller-450x600.jpg 450w, https:\/\/vze-vogelzucht.de\/wp-content\/uploads\/2018\/10\/Championz\u00fcchter-Bernd-M\u00fcller-768x1024.jpg 768w, https:\/\/vze-vogelzucht.de\/wp-content\/uploads\/2018\/10\/Championz\u00fcchter-Bernd-M\u00fcller-113x150.jpg 113w\" sizes=\"auto, (max-width: 900px) 100vw, 900px\" \/><p id=\"caption-attachment-3175\" class=\"wp-caption-text\">Championz\u00fcchter Bernd M\u00fcller<\/p><\/div>\n<div id=\"attachment_3171\" style=\"width: 910px\" class=\"wp-caption alignnone\"><img loading=\"lazy\" decoding=\"async\" aria-describedby=\"caption-attachment-3171\" class=\"size-full wp-image-3171\" src=\"https:\/\/vze-vogelzucht.de\/wp-content\/uploads\/2018\/10\/3.-Platz-Gloster-Lothar-Tasche.jpg\" alt=\"\" width=\"900\" height=\"675\" srcset=\"https:\/\/vze-vogelzucht.de\/wp-content\/uploads\/2018\/10\/3.-Platz-Gloster-Lothar-Tasche.jpg 900w, https:\/\/vze-vogelzucht.de\/wp-content\/uploads\/2018\/10\/3.-Platz-Gloster-Lothar-Tasche-600x450.jpg 600w, https:\/\/vze-vogelzucht.de\/wp-content\/uploads\/2018\/10\/3.-Platz-Gloster-Lothar-Tasche-768x576.jpg 768w, https:\/\/vze-vogelzucht.de\/wp-content\/uploads\/2018\/10\/3.-Platz-Gloster-Lothar-Tasche-150x113.jpg 150w\" sizes=\"auto, (max-width: 900px) 100vw, 900px\" \/><p id=\"caption-attachment-3171\" class=\"wp-caption-text\">3. Platz Gloster Lothar Tasche<\/p><\/div>\n<div id=\"attachment_3179\" style=\"width: 910px\" class=\"wp-caption alignnone\"><img loading=\"lazy\" decoding=\"async\" aria-describedby=\"caption-attachment-3179\" class=\"size-full wp-image-3179\" src=\"https:\/\/vze-vogelzucht.de\/wp-content\/uploads\/2018\/10\/Teilansicht-Jubil\u00e4umsschau.jpg\" alt=\"\" width=\"900\" height=\"675\" srcset=\"https:\/\/vze-vogelzucht.de\/wp-content\/uploads\/2018\/10\/Teilansicht-Jubil\u00e4umsschau.jpg 900w, https:\/\/vze-vogelzucht.de\/wp-content\/uploads\/2018\/10\/Teilansicht-Jubil\u00e4umsschau-600x450.jpg 600w, https:\/\/vze-vogelzucht.de\/wp-content\/uploads\/2018\/10\/Teilansicht-Jubil\u00e4umsschau-768x576.jpg 768w, https:\/\/vze-vogelzucht.de\/wp-content\/uploads\/2018\/10\/Teilansicht-Jubil\u00e4umsschau-150x113.jpg 150w\" sizes=\"auto, (max-width: 900px) 100vw, 900px\" \/><p id=\"caption-attachment-3179\" class=\"wp-caption-text\">Teilansicht-Jubil\u00e4umsschau<\/p><\/div>\n","protected":false},"excerpt":{"rendered":"<p>Bericht \u00fcber die 18. VZE-Kanarienbewertung Unsere diesj\u00e4hrige nunmehr 18. VZE-Kanarienbewertung fand am 20.10.18 in Zeithain OT R\u00f6derau, in Verbindung mit dem 45-j\u00e4hrigen Bestehen des Ziergefl\u00fcgel- und Exotenvereins &#8222;John Goulds&#8220;1973 Zeithain e.V. statt. Diese Schau war eine wahre Freude f\u00fcr jeden Natur- und Vogelliebhaber. Auf diesem Weg einen pers\u00f6nlichen Dank an\u2026<\/p>\n<p class=\"continue-reading-button\"> <a class=\"continue-reading-link\" href=\"https:\/\/vze-vogelzucht.de\/?p=3169\">wei\u00adter\u00adle\u00adsen<i class=\"crycon-right-dir\"><\/i><\/a><\/p>\n","protected":false},"author":3,"featured_media":3178,"comment_status":"closed","ping_status":"open","sticky":false,"template":"","format":"standard","meta":{"_jetpack_memberships_contains_paid_content":false,"footnotes":""},"categories":[17,8,1,23],"tags":[],"class_list":["post-3169","post","type-post","status-publish","format-standard","has-post-thumbnail","hentry","category-ausstellungen","category-ig-kanarien-und-wildvoegel","category-ohne-kategorie","category-veranstaltungen"],"jetpack_featured_media_url":"https:\/\/vze-vogelzucht.de\/wp-content\/uploads\/2018\/10\/Teilansicht-Bewertungsv\u00f6gel-Gloster.jpg","jetpack-related-posts":[],"jetpack_sharing_enabled":true,"_links":{"self":[{"href":"https:\/\/vze-vogelzucht.de\/index.php?rest_route=\/wp\/v2\/posts\/3169","targetHints":{"allow":["GET"]}}],"collection":[{"href":"https:\/\/vze-vogelzucht.de\/index.php?rest_route=\/wp\/v2\/posts"}],"about":[{"href":"https:\/\/vze-vogelzucht.de\/index.php?rest_route=\/wp\/v2\/types\/post"}],"author":[{"embeddable":true,"href":"https:\/\/vze-vogelzucht.de\/index.php?rest_route=\/wp\/v2\/users\/3"}],"replies":[{"embeddable":true,"href":"https:\/\/vze-vogelzucht.de\/index.php?rest_route=%2Fwp%2Fv2%2Fcomments&post=3169"}],"version-history":[{"count":0,"href":"https:\/\/vze-vogelzucht.de\/index.php?rest_route=\/wp\/v2\/posts\/3169\/revisions"}],"wp:featuredmedia":[{"embeddable":true,"href":"https:\/\/vze-vogelzucht.de\/index.php?rest_route=\/wp\/v2\/media\/3178"}],"wp:attachment":[{"href":"https:\/\/vze-vogelzucht.de\/index.php?rest_route=%2Fwp%2Fv2%2Fmedia&parent=3169"}],"wp:term":[{"taxonomy":"category","embeddable":true,"href":"https:\/\/vze-vogelzucht.de\/index.php?rest_route=%2Fwp%2Fv2%2Fcategories&post=3169"},{"taxonomy":"post_tag","embeddable":true,"href":"https:\/\/vze-vogelzucht.de\/index.php?rest_route=%2Fwp%2Fv2%2Ftags&post=3169"}],"curies":[{"name":"wp","href":"https:\/\/api.w.org\/{rel}","templated":true}]}}